{"provider_url": "https://www.marechalcandidorondon.pr.leg.br", "title": "Poder Legislativo", "html": "<p><strong><br /></strong></p>\r\n<p><strong>C\u00c2MARA DE VEREADORES DE MARECHAL C\u00c2NDIDO RONDON - PARAN\u00c1</strong></p>\r\n<p>Rua Tiradentes, 1120 - Centro<br />CEP 85960-174</p>\r\n<p><strong>Telefone:</strong> (45) 3254-3096 / <span style=\"text-align: start; float: none; \"><strong>WhatsApp:</strong> (45)\u00a0</span><span id=\"docs-internal-guid-aa5509a7-7fff-59bc-f82c-829e90941340\" style=\"text-align: start; \"><span>99135-7143</span></span><br /><strong></strong></p>\r\n<p><strong>E-mail:</strong> <br />secretaria@marechalcandidorondon.pr.leg.br</p>\r\n<p>imprensa@marechalcandidorondon.pr.leg.br</p>\r\n<p>ouvidoria@marechalcandidorondon.pr.leg.br</p>\r\n<p><strong>Hor\u00e1rio de Atendimento:</strong><br /><span>Segunda-feira a sexta-feira das 7h \u00e0s 13h</span></p>\r\n<p><br /><strong><em>As sess\u00f5es ordin\u00e1rias acontecem \u00e0s segundas-feiras, a partir das 09 horas</em>.</strong></p>\r\n<p><strong>----------------------------------------------------------------------<br /></strong></p>\r\n<p><strong>VEREADORES 16\u00aa LEGISLATURA: 2025-2028</strong></p>\r\n<p>Cleiton Rodrigo Freitag (Gordinho do Suco) - PP<br />Fabio Fockink (Policial Fabio) - PL<br />Iloir de Lima (Padeiro) - PL<br />Jo\u00e3o Eduardo dos Santos (Juca) - PODEMOS<br />Juliano Astor de Oliveira - PP<br />Luis Carlos Silva (Carlinhos) - PP/suplente<br />Marciane Specht - UNI\u00c3O<br />Marciel Escher - REPUBLICANOS<br />Marcos Spohr (Sargento Spohr) - PL<br />Rafael Heinrich - UNI\u00c3O<br />Tania Maion - REPUBLICANOS<br />Valdir Sachser (Valdirzinho) - UNI\u00c3O<br />Welyngton Alves da Rosa (Coronel Welyngton) - UNI\u00c3O</p>\r\n<p>LICENCIADOS:</p>\r\n<p><strong>Claudio Kohler (Claudinho)</strong> - PP<br />\u00a0</p>\r\n<p><strong>----------------------------------------------------------------------</strong>\u00a0</p>\r\n<p><strong>MESA DIRETIVA: BI\u00caNIO 2025-2026</strong><br /> <br /><strong>Presidente:</strong> Valdir Sachser (Valdirzinho)<br /><strong>Vice-presidente:</strong> <span>Cleiton Rodrigo Freitag (Gordinho do Suco)</span><br /><strong>1\u00ba Secret\u00e1rio:</strong> Welyngton Alves da Rosa (Coronel Welyngton)<br /><strong>2\u00aa Secret\u00e1ria:</strong> <span>Tania Maion</span><br /><span><strong>Membro suplente:</strong> Marcos Spohr (Sargento Spohr)</span></p>\r\n<p><span><br /></span></p>\r\n<p><strong>---------------------------------------------------------------------</strong></p>\r\n<p><strong>COMISS\u00d5ES PERMANENTES</strong></p>\r\n<p><strong>- Comiss\u00e3o de Justi\u00e7a e Reda\u00e7\u00e3o</strong></p>\r\n<p><strong><strong>Luis Carlos Silva (Carlinhos)</strong>:</strong> presidente<br /><strong><strong>Welyngton Alves da Rosa (Coronel Welyngton)</strong>:</strong> relator<br /><strong>Tania Maion:</strong> membro</p>\r\n<p>\u00a0</p>\r\n<p><strong>- Comiss\u00e3o de Finan\u00e7as, Or\u00e7amento e Fiscaliza\u00e7\u00e3o</strong></p>\r\n<p><strong>Marciel Evandro Escher:</strong> presidente<br /><strong><strong>Luis Carlos Silva (Carlinhos)</strong>:</strong> relator<br /><strong><strong><strong>Welyngton Alves da Rosa (Coronel Welyngton)</strong></strong>:</strong> membro</p>\r\n<p>\u00a0</p>\r\n<p><strong>- Comiss\u00e3o de Obras e Servi\u00e7os P\u00fablicos</strong></p>\r\n<p><strong>Jo\u00e3o Eduardo dos Santos (Juca):</strong>\u00a0presidente<br /><strong>Iloir de Lima (Padeiro):</strong> relator<br /><strong>Rafael Heinrich:</strong> membro</p>\r\n<p>\u00a0</p>\r\n<p><strong>- Comiss\u00e3o de Educa\u00e7\u00e3o, Sa\u00fade, Cultura, Bem-Estar Social e Ecologia</strong></p>\r\n<p><strong>Fabio Fockink (Policial Fabio):</strong> presidente<br /><strong><strong>Juliano Oliveira</strong>:</strong> relator<br /><strong>Marciane Maria Specht<i>:</i></strong> membro</p>", "author_name": "Interlegis", "version": "1.0", "author_url": "https://www.marechalcandidorondon.pr.leg.br/author/Interlegis", "provider_name": "C\u00e2mara de Vereadores", "type": "rich"}