{"provider_url": "https://www.marechalcandidorondon.pr.leg.br", "title": "Estrutura Organizacional", "html": "<div class=\"cover-collection-tile tile-content\">\r\n<div class=\"tile-header\">\r\n<h2 style=\"text-align: justify; \">ORGANOGRAMA</h2>\r\n</div>\r\n</div>\r\n<p style=\"text-align: left; \">E<span>m conformidade com o <a class=\"external-link\" href=\"https://sapl.marechalcandidorondon.pr.leg.br/norma/10573\" target=\"_blank\" title=\"\"><em><strong>Anexo I da\u00a0</strong></em></a></span><em><strong><a class=\"external-link\" href=\"https://sapl.marechalcandidorondon.pr.leg.br/norma/10573\" target=\"_blank\" title=\"\">Lei n.\u00ba 5.325 de 19 de abril de 2022</a>.</strong></em></p>\r\n<table class=\"invisible\">\r\n<tbody>\r\n<tr><th><img src=\"https://www.marechalcandidorondon.pr.leg.br/imagens/copy2_of_Organograma.png/@@images/2e45fdee-ae95-4e88-8f48-c64aa05063ac.png\" alt=\"\" class=\"image-inline\" title=\"\" /></th></tr>\r\n</tbody>\r\n</table>\r\n<p>\u00a0</p>\r\n<div class=\"cover-collection-tile tile-content\">\r\n<div class=\"tile-header\">\r\n<h2 style=\"text-align: justify; \">RELA\u00c7\u00c3O DOS RESPONS\u00c1VEIS PELAS UNIDADES DA ESTRUTURA ORGANIZACIONAL</h2>\r\n</div>\r\n</div>\r\n<p style=\"text-align: justify; \"><span><strong>Presidente:</strong>\u00a0<span>Valdir Sachser (</span><a class=\"external-link\" href=\"https://sapl.marechalcandidorondon.pr.leg.br/parlamentar/15\" target=\"_blank\" title=\"\">Valdirzinho</a><span>).</span><br /></span></p>\r\n<p style=\"text-align: justify; \"><strong>Mesa Diretiva</strong></p>\r\n<p style=\"text-align: justify; \"><strong>I \u2013 Presidente:</strong> Valdir Sachser (<a class=\"external-link\" href=\"https://sapl.marechalcandidorondon.pr.leg.br/parlamentar/15\" target=\"_blank\" title=\"\">Valdirzinho</a>).<br /><strong>II \u2013 Vice-Presidente</strong>: Cleiton Rodrigo Freitag (<a class=\"external-link\" href=\"https://sapl.marechalcandidorondon.pr.leg.br/parlamentar/12\" target=\"_blank\" title=\"\">Gordinho do Suco</a>).<br /><strong>III \u2013 1\u00ba Secret\u00e1rio:</strong>\u00a0Welyngton Alves da Rosa (<a class=\"external-link\" href=\"https://sapl.marechalcandidorondon.pr.leg.br/parlamentar/143\" target=\"_blank\" title=\"\">Coronel Welyngton</a>).<br /><strong>IV \u2013 2\u00ba Secret\u00e1rio:</strong>\u00a0Tania Aparecida Maion (<a class=\"external-link\" href=\"https://sapl.marechalcandidorondon.pr.leg.br/parlamentar/147\" target=\"_blank\" title=\"\">Tania Maion</a>).<br /><strong>V \u2013 Suplente:</strong> <span>Marcos Roberto Spohr</span><span>\u00a0(<a class=\"external-link\" href=\"https://sapl.marechalcandidorondon.pr.leg.br/parlamentar/146\" target=\"_blank\" title=\"\">Sargento Spohr</a>).</span></p>\r\n<p style=\"text-align: justify; \"><span><strong>Diretor Geral:</strong>\u00a0Anderson Clayton Petry.<br /></span></p>\r\n<p style=\"text-align: justify; \"><span><strong>Procuradoria Jur\u00eddica:</strong> Victor Eduardo Bertoldi Boff.<br /></span></p>\r\n<p style=\"text-align: justify; \"><span><strong>Controladoria Interna:</strong> Aletuza Regina Vicente Scherer.<br /></span></p>\r\n<p style=\"text-align: justify; \"><span><strong>Ouvidoria Legislativa e Unidade Respons\u00e1vel pelo SIC:</strong> Lu\u00eds Carlos Diesel.<br /></span></p>\r\n<p style=\"text-align: justify; \"><span><strong>Setor de Compras:</strong> Jo\u00e3o Paulo Muzika Hansen.<br /></span></p>\r\n<p style=\"text-align: justify; \"><span><strong>Departamento Administrativo e de RH:</strong>\u00a0Airton Carlos Kraemer.<br /></span></p>\r\n<p style=\"text-align: justify; \"><span><strong>Divis\u00e3o de Secretaria e Protocolo:</strong> Claudia Andreia Dietrich de Campos.<br /></span></p>\r\n<p style=\"text-align: justify; \"><strong><em>* As unidades administrativas que n\u00e3o possuem chefia ser\u00e3o subordinadas aos agentes hierarquicamente superiores.</em></strong></p>\r\n<div class=\"cover-collection-tile tile-content\">\r\n<div class=\"tile-header\">\r\n<h2>FUN\u00c7\u00c3O DA MESA DIRETIVA</h2>\r\n<p>A mesa ser\u00e1 composta de um presidente, um vice-presidente, um 1\u00ba secret\u00e1rio, um 2\u00ba secret\u00e1rio e um membro suplente.</p>\r\n<p>Compete \u00e0 Mesa, al\u00e9m de outras, as seguintes atribui\u00e7\u00f5es:<br /><strong>I</strong> \u2013 tomar todas as provid\u00eancias necess\u00e1rias \u00e0 regularidade dos trabalhos legislativos;<br /><strong>II</strong> \u2013 designar Vereadores para miss\u00e3o de representa\u00e7\u00e3o da C\u00e2mara de Vereadores;<br /><strong>III</strong> \u2013 propor a\u00e7\u00e3o direta de inconstitucionalidade de lei ou ato normativo municipal;<br /><strong>IV</strong> \u2013 promulgar emendas \u00e0 Lei Org\u00e2nica Municipal;<br /><strong>V</strong> \u2013 remeter, a quem de direito, at\u00e9 o primeiro dia do m\u00eas de mar\u00e7o, as contas do exerc\u00edcio anterior;<br /><strong>VI</strong> \u2013 propor projetos de Resolu\u00e7\u00e3o dispondo sobre a abertura de Cr\u00e9ditos Adicionais Suplementares, desde que os recursos respectivos provenham de anula\u00e7\u00e3o parcial ou total de dota\u00e7\u00f5es do or\u00e7amento da C\u00e2mara;<br /><strong>VII</strong> \u2013 propor projetos de Resolu\u00e7\u00e3o que criem, transformem e extingam cargos, empregos ou fun\u00e7\u00f5es da C\u00e2mara de Vereadores, bem como a fixa\u00e7\u00e3o da respectiva remunera\u00e7\u00e3o, observadas as determina\u00e7\u00f5es legais;<br /><strong>VIII</strong> \u2013 declarar a perda de mandato de Vereador, de of\u00edcio ou por provoca\u00e7\u00e3o de qualquer de seus membros, nos casos previstos em Lei;<br /><strong>IX</strong> \u2013 devolver \u00e0 tesouraria da Prefeitura o saldo do caixa existente na C\u00e2mara no final de cada exerc\u00edcio;<br /><strong>X</strong> \u2013 orientar os servi\u00e7os de Secretaria da C\u00e2mara e elaborar o seu Regulamento Interno;<br /><strong>XI</strong> \u2013 propor as Resolu\u00e7\u00f5es que fixem ou atualizem os subs\u00eddios dos Vereadores para vigorarem na Legislatura seguinte;<br /><strong>XII</strong> \u2013 propor os projetos de lei que fixem ou atualizem os subs\u00eddios do Prefeito, do Vice-Prefeito e dos Secret\u00e1rios Municipais;<br /><strong>XIII</strong> \u2013 propor os Decretos Legislativos concedendo licen\u00e7as ao Prefeito Municipal;<br /><strong>XIV</strong> \u2013 propor Resolu\u00e7\u00f5es autorizando Vereadores a representarem o Legislativo em eventos fora do territ\u00f3rio do Munic\u00edpio.</p>\r\n<h2>ATENDIMENTO</h2>\r\n<p style=\"text-align: justify; \">Atendimento Eletr\u00f4nico: <a class=\"external-link\" href=\"https://marechalcandidorondon.atende.net/?pg=autoatendimento#!/tipo/servico/valor/23/padrao/1/load/0/\" target=\"_blank\" title=\"\">Ouvidoria.</a></p>\r\n<p style=\"text-align: justify; \">Correio Eletr\u00f4nico: ouvidoria@marechalcandidorondon.pr.leg.br</p>\r\n<p>Atendimento nas Instala\u00e7\u00f5es F\u00edsicas: C\u00e2mara Municipal, sita \u00e0 Rua Tiradentes, 1120, Centro, PR, CEP 85.960-174, Fone (45) 3254-3096.</p>\r\n<p>Hor\u00e1rio de Atendimento: Segunda-feira a Sexta-feira das 7h00 \u00e0s 13h00.</p>\r\n</div>\r\n</div>", "author_name": "Interlegis", "version": "1.0", "author_url": "https://www.marechalcandidorondon.pr.leg.br/author/Interlegis", "provider_name": "C\u00e2mara de Vereadores", "type": "rich"}