{"provider_url": "https://www.marechalcandidorondon.pr.leg.br", "title": "EDITAL DE CONVOCA\u00c7\u00c3O PARA 18\u00aa SESS\u00c3O ORDIN\u00c1RIA EM 09/06/2025", "html": "<p style=\"text-align: left; \"><strong>EDITAL DE CONVOCA\u00c7\u00c3O N\u00b0 20/2025</strong><br /><strong>Data: 09 de junho de 2025</strong></p>\r\n<p style=\"text-align: justify; \"><br />Ementa: convoca os senhores vereadores para a 18\u00aa Sess\u00e3o Ordin\u00e1ria da C\u00e2mara Municipal de Marechal C\u00e2ndido Rondon.</p>\r\n<p style=\"text-align: justify; \">O PRESIDENTE DA C\u00c2MARA MUNICIPAL DE MARECHAL C\u00c2NDIDO RONDON, Estado do Paran\u00e1, usando das atribui\u00e7\u00f5es conferidas pelo Art. 20, par\u00e1grafo \u00fanico, inciso XXII, al\u00edneas \"i\" e \"j\" do Regimento Interno, convoca os senhores vereadores do Legislativo Municipal para a 18\u00aa Sess\u00e3o Ordin\u00e1ria, a ser realizada em formato h\u00edbrido, tanto plen\u00e1rio como online, com transmiss\u00e3o ao vivo, no dia 09 de junho de 2025, iniciando \u00e0s 18h00 e constitu\u00edda da seguinte pauta:</p>\r\n<p style=\"text-align: justify; \">\u2022\u2060 \u2060PEQUENO EXPEDIENTE: Projeto de Lei n\u00ba 26/2025, do Executivo Municipal; Projeto de Lei n\u00ba 17/2025, do Legislativo Municipal; Requerimentos de n\u00bas 245 a 256/2025; e, Indica\u00e7\u00f5es de n\u00bas 544 a 572/2025; e, correspond\u00eancias diversas.</p>\r\n<p>\u2022\u2060 \u2060GRANDE EXPEDIENTE:</p>\r\n<p>\u2022\u2060 \u2060ORDEM DO DIA:<br />(VOTA\u00c7\u00c3O SEGUNDO TURNO):<br />a) Projeto de Lei n\u00ba 23/2025, do Executivo Municipal;<br />b) Projeto de Lei n\u00ba 25/2025, do Executivo Municipal;<br />c) Projeto de Lei n\u00ba 16/2025, do Legislativo Municipal;</p>\r\n<p>(VOTA\u00c7\u00c3O TURNO \u00daNICO):<br />d) Requerimentos de n\u00bas 245 a 256/2025.</p>\r\n<p>Registre-se e publique-se.</p>\r\n<p>VALDIR SACHSER (VALDIRZINHO)<br />Presidente</p>\r\n<p>WELYNGTON ALVES DA ROSA (CORONEL WELYNGTON)<br />1\u00ba Secret\u00e1rio</p>", "author_name": "", "version": "1.0", "author_url": "https://www.marechalcandidorondon.pr.leg.br/author/cristiano.viteck", "provider_name": "C\u00e2mara de Vereadores", "type": "rich"}