{"provider_url": "https://www.marechalcandidorondon.pr.leg.br", "title": "NOTA \u00c0 COMUNIDADE RONDONENSE", "html": "<p style=\"text-align: justify; \">\u00a0</p>\r\n<p style=\"text-align: justify; \"><strong>NOTA \u00c0 COMUNIDADE RONDONENSE</strong></p>\r\n<p style=\"text-align: justify; \">A C\u00e2mara de Vereadores e a administra\u00e7\u00e3o municipal de Marechal C\u00e2ndido Rondon, atrav\u00e9s da Secretaria de Sa\u00fade e do Setor de Controle de Endemias-Dengue, tem um importante pedido de colabora\u00e7\u00e3o e de ajuda a todas as entidades organizadas, civis, eclesi\u00e1sticas, militares e \u00e0 sociedade em geral.</p>\r\n<p style=\"text-align: justify; \">Com a chegada do ver\u00e3o, o calor e as chuvas constantes, criam-se as condi\u00e7\u00f5es perfeitas para a r\u00e1pida prolifera\u00e7\u00e3o do mosquito <em>Aedes aegipty</em>, transmissor da dengue, chikungunya e zika, pondo em risco a sa\u00fade e a vida de todos.</p>\r\n<p style=\"text-align: justify; \">Com as festas de fim de ano chegando, Natal, Ano Novo e as viagens de f\u00e9rias t\u00e3o merecidas, \u00e9 de suma import\u00e2ncia que todos os mun\u00edcipes sejam relembrados da necessidade de realizar inspe\u00e7\u00f5es em suas casas e propriedades, eliminando tudo aquilo que possa acumular \u00e1gua, a fim de evitar a reprodu\u00e7\u00e3o dos mosquitos.</p>\r\n<p style=\"text-align: justify; \">Se cada um, antes de viajar ou mesmo no decorrer das festividades, cuidar do seu quadrado e fizer a sua parte, juntos poderemos evitar que o n\u00famero de casos de dengue, chikungunya e zika aumente.</p>\r\n<p style=\"text-align: justify; \">Tomar as medidas de preven\u00e7\u00e3o e os cuidados necess\u00e1rios, constitui-se em um ato de amor para com a sua fam\u00edlia e para com o seu pr\u00f3ximo, bem de acordo com o esp\u00edrito das festas de fim de ano e com os ensinamentos daquele cujo nascimento comemoramos, JESUS.</p>\r\n<p style=\"text-align: justify; \">O pequeno esfor\u00e7o de cada um resultar\u00e1 no bem-estar de todos!</p>\r\n<p style=\"text-align: justify; \">FELIZ NATAL E UM PR\u00d3SPERO ANO NOVO!!!</p>", "author_name": "", "version": "1.0", "author_url": "https://www.marechalcandidorondon.pr.leg.br/author/cristiano.viteck", "provider_name": "C\u00e2mara de Vereadores", "type": "rich"}