{"provider_url": "https://www.marechalcandidorondon.pr.leg.br", "title": "C\u00e2mara Jovem", "html": "<div class=\"cover-collection-tile tile-content\">\r\n<div class=\"tile-header\">\r\n<h2>PROGRAMA C\u00c2MARA JOVEM</h2>\r\n</div>\r\n</div>\r\n<p style=\"text-align: center; \"><a title=\"\" href=\"https://www.marechalcandidorondon.pr.leg.br/programa-camara-jovem/sobre-camara-jovem\" class=\"internal-link\" target=\"_self\"><img src=\"https://www.marechalcandidorondon.pr.leg.br/imagens/Logo.png/@@images/c3a78ad9-faea-4864-a950-fc3d6f355a92.png\" alt=\"\" class=\"image-inline\" title=\"\" /></a></p>\r\n<p style=\"text-align: justify; \">O Programa C\u00e2mara Jovem foi criado por meio da <strong><a class=\"external-link\" href=\"https://leismunicipais.com.br/a2/pr/m/marechal-candido-rondon/lei-ordinaria/2021/523/5226/lei-ordinaria-n-5226-2021-cria-no-ambito-municipal-a-camara-jovem-e-da-outras-providencias?q=522\" target=\"_blank\" title=\"\">Lei Municipal n.\u00ba 5.226, de 10 de mar\u00e7o de 2021</a></strong> e regulamentado por meio da <strong><a title=\"\" href=\"https://www.marechalcandidorondon.pr.leg.br/arquivos/camara-jovem/2025/portaria582025.pdf\" class=\"internal-link\" target=\"_blank\">Portaria n.\u00ba 58, de 09 de outubro de 2025</a></strong>\u00a0e tem como principal objetivo possibilitar a viv\u00eancia do processo democr\u00e1tico e a forma\u00e7\u00e3o pol\u00edtica e cidad\u00e3 de jovens rondonenses, bem como estimular o surgimento de novas lideran\u00e7as.</p>\r\n<p style=\"text-align: justify; \"><span>Realizado em parceria entre os col\u00e9gios de Ensino Fundamental e M\u00e9dio do munic\u00edpio e a C\u00e2mara Municipal de Marechal C\u00e2ndido Rondon, o programa oferece aos alunos a oportunidade de atuarem de modo similar aos vereadores, propondo e debatendo ideias que possam melhorar a vida em sociedade.</span></p>\r\n<p style=\"text-align: justify; \">Ao pleitear este desafio, os estudantes vivenciam situa\u00e7\u00f5es de estudos e pesquisas, negocia\u00e7\u00f5es e escolhas, aprendem a respeitar a diferen\u00e7a de opini\u00f5es e compreendem a import\u00e2ncia do legislativo.</p>\r\n<div class=\"cover-collection-tile tile-content\">\r\n<div class=\"tile-header\">\r\n<h2>PARTICIPANTES</h2>\r\n</div>\r\n</div>\r\n<p><a title=\"\" href=\"https://www.marechalcandidorondon.pr.leg.br/arquivos/camara-jovem/2025/portaria692025.pdf\" class=\"internal-link\" target=\"_blank\">Portaria n.\u00ba 69/2025</a></p>\r\n<div class=\"cover-collection-tile tile-content\">\r\n<div class=\"tile-header\">\r\n<h2>COMISS\u00c3O ORGANIZADORA</h2>\r\n<p><strong><a title=\"\" href=\"https://www.marechalcandidorondon.pr.leg.br/arquivos/camara-jovem/2025/portaria552025.pdf\" class=\"internal-link\" target=\"_blank\">Portaria n.\u00ba 55/2025</a></strong></p>\r\n</div>\r\n</div>\r\n<div class=\"cover-collection-tile tile-content\">\r\n<div class=\"tile-header\">\r\n<h2>REGULAMENTO</h2>\r\n<p><strong><a title=\"\" href=\"https://www.marechalcandidorondon.pr.leg.br/arquivos/camara-jovem/2025/portaria582025.pdf\" class=\"internal-link\" target=\"_blank\">Portaria n.\u00ba\u00a058/2025</a></strong></p>\r\n</div>\r\n</div>\r\n<div class=\"cover-collection-tile tile-content\">\r\n<div class=\"tile-header\">\r\n<h2>VEREADORES JOVENS ELEITOS</h2>\r\n</div>\r\n<div class=\"tile-header\">\r\n<table class=\"invisible\">\r\n<tbody>\r\n<tr><th><a title=\"\" href=\"https://www.marechalcandidorondon.pr.leg.br/programa-camara-jovem/camara-jovem-2022\" class=\"internal-link\" target=\"_self\">C\u00e2mara Jovem 2022</a></th><th><a title=\"\" href=\"https://www.marechalcandidorondon.pr.leg.br/programa-camara-jovem/camara-jovem-2024\" class=\"internal-link\" target=\"_self\">C\u00e2mara Jovem 2024</a></th><th><a title=\"\" href=\"https://www.marechalcandidorondon.pr.leg.br/programa-camara-jovem/camara-jovem-2025\" class=\"internal-link\" target=\"_self\">C\u00e2mara Jovem 2026</a></th></tr>\r\n<tr>\r\n<td></td>\r\n<td></td>\r\n<td></td>\r\n</tr>\r\n<tr>\r\n<td></td>\r\n<td></td>\r\n<td></td>\r\n</tr>\r\n</tbody>\r\n</table>\r\n<p>\u00a0</p>\r\n</div>\r\n</div>", "author_name": "", "version": "1.0", "author_url": "https://www.marechalcandidorondon.pr.leg.br/author/mcr", "provider_name": "C\u00e2mara de Vereadores", "type": "rich"}