{"provider_url": "https://www.marechalcandidorondon.pr.leg.br", "title": "Perguntas Frequentes", "html": "<div class=\"cover-collection-tile tile-content\">\r\n<div class=\"tile-header\">\r\n<p>\u00a0</p>\r\n<p><em><strong>* A C\u00e2mara Municipal n\u00e3o recebeu Perguntas Frequentes, as Perguntas e Respostas inseridas s\u00e3o casos hipot\u00e9ticos e extra\u00eddos de outros sites institucionais.</strong></em></p>\r\n<p>\u00a0</p>\r\n<h2>QUANTOS VEREADORES POSSUI A C\u00c2MARA MUNICIPAL DE MARECHAL C\u00c2NDIDO RONDON?</h2>\r\n<p style=\"text-align: justify; \">Atualmente, o munic\u00edpio de Marechal C\u00e2ndido Rondon possui 13 (treze) vereadores.</p>\r\n</div>\r\n</div>\r\n<div class=\"cover-collection-tile tile-content\" style=\"text-align: justify; \">\r\n<div class=\"tile-header\">\r\n<h2>COMO \u00c9 FEITA UMA LEI EM MARECHAL C\u00c2NDIDO RONDON?</h2>\r\n<div class=\"wpo_listagem_galeria_descricao wpo_listagem_galeria_obras_descricao\" id=\"div_resposta_2\">\r\n<p>As leis podem ser de iniciativa do\u00a0Poder Executivo\u00a0\u2013 quando o prefeito encaminha um projeto de lei \u00e0 C\u00e2mara dos Vereadores, para ser discutido e votado; de iniciativa do\u00a0Poder Legislativo\u00a0\u2013 quando os vereadores prop\u00f5em um projeto de lei para ser discutido e votado; ou de\u00a0Iniciativa Popular\u00a0\u2013 quando os cidad\u00e3os se unem e mediante 5% (cinco por cento) dos eleitores do munic\u00edpio apresentam o projeto de lei para ser discutido e votado pelos vereadores. <br />Ap\u00f3s aprovado no Poder Legislativo, o projeto de lei segue para o Poder Executivo. O prefeito poder\u00e1 sancionar se concordar com a mat\u00e9ria, neste caso, a Lei \u00e9 publicada e entra em vigor. No entanto, caso o prefeito n\u00e3o concorda com o projeto de lei apresentado, ele pode vetar a mat\u00e9ria; o veto \u00e9 encaminhado para a C\u00e2mara Municipal que deliberar\u00e1 sobre acatar o veto ou derrub\u00e1-lo.</p>\r\n</div>\r\n</div>\r\n</div>\r\n<div class=\"cover-collection-tile tile-content\" style=\"text-align: justify; \">\r\n<div class=\"tile-header\">\r\n<h2>\u00c9 FEITA A DIVULGA\u00c7\u00c3O DA ATIVIDADE LEGISLATIVA DOS PARLAMENTARES NO PORTAL DA C\u00c2MARA MUNICIPAL?</h2>\r\n<p style=\"text-align: justify; \">Sim. No portal da C\u00e2mara Municipal voc\u00ea cidad\u00e3o pode encontrar os Projetos de Lei, Requerimentos e Indica\u00e7\u00f5es de cada vereador, separado pelo nome de cada um deles.</p>\r\n<h2>QUANTO RECEBE UM VEREADOR?</h2>\r\n<p style=\"text-align: justify; \">O vereador n\u00e3o recebe f\u00e9rias, n\u00e3o tem fundo de garantia, recebe 13\u00ba sal\u00e1rio, e subs\u00eddio mensal, sendo que em Marechal C\u00e2ndido Rondon o valor atual do subs\u00eddio (2025) est\u00e1 em R$ 10.900,00 (dez mil, e novecentos reais) e o Presidente em R$ 12.260,00 (doze mi, e duzentos e sessenta reais). O valor foi definido por Lei Municipal e \u00e9 atualizado pela infla\u00e7\u00e3o (reposi\u00e7\u00e3o) ao longo dos anos, tamb\u00e9m por Leis Municipais. Vale lembrar, ainda, que o vereador contribui para o INSS e pode se aposentar seguindo as mesmas regras e condi\u00e7\u00f5es de qualquer outro cidad\u00e3o brasileiro. Em Marechal C\u00e2ndido Rondon, os vereadores n\u00e3o podem aumentar o pr\u00f3prio subs\u00eddio. O que eles podem fazer \u00e9 fixar o valor do subs\u00eddio para a pr\u00f3xima legislatura e aqueles que se reelegerem receber\u00e3o o aumento. Mas, para isso, precisar\u00e3o passar antes pelo voto popular. Contudo, como agentes p\u00fablicos.</p>\r\n</div>\r\n</div>\r\n<div class=\"cover-collection-tile tile-content\" style=\"text-align: justify; \">\r\n<div class=\"tile-header\">\r\n<h2>VEREADOR PODE TER OUTRO EMPREGO?</h2>\r\n<div class=\"wpo_listagem_galeria_descricao wpo_listagem_galeria_obras_descricao\" id=\"div_resposta_4\">\r\n<p style=\"text-align: justify; \">Sim. Vereador \u00e9 ocupante de um cargo eletivo, podendo ter outro emprego, inclusive em cargo p\u00fablico (<strong><a class=\"external-link\" href=\"https://www.planalto.gov.br/ccivil_03/constituicao/constituicao.htm\" target=\"_blank\" title=\"\">artigo 38 da Constitui\u00e7\u00e3o Federal</a></strong>), desde que haja a compatibilidade de hor\u00e1rios. Ou seja, ter um outro emprego n\u00e3o pode afastar o vereador de seus deveres, principalmente o de participar das Sess\u00f5es da C\u00e2mara e das Reuni\u00f5es das Comiss\u00f5es, se for o caso.</p>\r\n</div>\r\n</div>\r\n</div>\r\n<div class=\"cover-collection-tile tile-content\" style=\"text-align: justify; \">\r\n<div class=\"tile-header\">\r\n<h2>\u00c9 VERDADE QUE O VEREADOR GOZA DE F\u00c9RIAS DUAS VEZES AO ANO?</h2>\r\n<div class=\"wpo_listagem_galeria_descricao wpo_listagem_galeria_obras_descricao\" id=\"div_resposta_5\">\r\n<p style=\"text-align: justify; \">De forma alguma. O que ocorre duas vezes por ano s\u00e3o os <strong>recessos legislativos</strong>, nos quais n\u00e3o ocorrem Sess\u00f5es Ordin\u00e1rias ou outras atividades legislativas. Por\u00e9m, os vereadores continuam trabalhando neste per\u00edodo em seus gabinetes e em atividades de mandato.</p>\r\n</div>\r\n</div>\r\n</div>\r\n<div class=\"cover-collection-tile tile-content\">\r\n<div class=\"tile-header\">\r\n<h2 style=\"text-align: justify; \">\u00c9 VERDADE QUE O VEREADOR TRABALHA SOMENTE UM DIA DA SEMANA?</h2>\r\n<div class=\"wpo_listagem_galeria_descricao wpo_listagem_galeria_obras_descricao\" id=\"div_resposta_6\">\r\n<p style=\"text-align: justify; \">N\u00e3o! O que ocorre uma vez por semana \u00e9 a Sess\u00e3o Ordin\u00e1ria da C\u00e2mara e a Reuni\u00e3o das Comiss\u00f5es Permanentes, nas quais os vereadores discutem as disposi\u00e7\u00f5es t\u00e9cnicas dos projetos de lei, votam os projetos de lei, debatem e discutem sobre quest\u00f5es que consideram relevantes. O vereador, por\u00e9m, trabalha em todos os dias da semana - pois precisam fiscalizar, atender a popula\u00e7\u00e3o dentro ou fora do seu gabinete, elaborar projetos, coordenar sua equipe de trabalho, visitar bairros, reunir-se com lideran\u00e7as e autoridades, encaminhar processos, entre outros.</p>\r\n<h2 style=\"text-align: justify; \">COMO CONSULTAR O SUBS\u00cdDIO DOS VEREADORES NO PORTAL DA C\u00c2MARA MUNICIPAL?</h2>\r\n<p style=\"text-align: justify; \">O subs\u00eddio dos parlamentares encontram-se no Portal da Transpar\u00eancia da C\u00e2mara Municipal de Marechal C\u00e2ndido Rondon, e pode ser consultado clicando <strong><a class=\"external-link\" href=\"https://camaramcr.atende.net/transparencia/item/detalhamento-de-despesas-com-pessoal\" target=\"_blank\" title=\"\">aqui</a></strong>.</p>\r\n<h2 style=\"text-align: justify; \">QUANDO OCORREM AS SESS\u00d5ES DA C\u00c2MARA MUNICIPAL?</h2>\r\n<p style=\"text-align: justify; \">As <strong>Sess\u00f5es Ordin\u00e1rias</strong> s\u00e3o aquelas fixas, e ocorrem \u00e0s segundas-feiras, a partir das <strong>09\u00a0horas</strong>. Por\u00e9m, h\u00e1 os per\u00edodos de recesso legislativo, quando n\u00e3o h\u00e1 <strong>Sess\u00f5es Ordin\u00e1rias</strong>, que \u00e9 de 01 \u00e0 31 de janeiro e de 01 \u00e0 31 de julho. Poder\u00e3o ser convocadas, a qualquer tempo, sess\u00f5es Extraordin\u00e1rias, para votar projetos com urg\u00eancia, mesmo no per\u00edodo de recesso legislativo. As demais sess\u00f5es \u2013 extraordin\u00e1rias, solenes e itinerantes \u2013 s\u00e3o marcadas conforme necessidade da C\u00e2mara e do munic\u00edpio. As sess\u00f5es normalmente ocorrem no Plen\u00e1rio da C\u00e2mara Municipal, sendo exce\u00e7\u00f5es somente a possibilidade de Sess\u00f5es Solenes e Sess\u00f5es Ordin\u00e1rias de Car\u00e1ter Itinerante. Caso ocorra algum acontecimento que impossibilite o acesso ao Plen\u00e1rio da C\u00e2mara Municipal, impedindo a realiza\u00e7\u00e3o das sess\u00f5es em seu devido local, a Mesa executiva delibera a sua realiza\u00e7\u00e3o em outra localidade, podendo ser at\u00e9 em formato h\u00edbrido.</p>\r\n<h2 style=\"text-align: justify; \">POSSO PARTICIPAR DE UMA SESS\u00c3O, EVENTO OU REUNI\u00c3O NA C\u00c2MARA MUNICIPAL?</h2>\r\n<p style=\"text-align: justify; \">As sess\u00f5es, eventos e reuni\u00f5es na C\u00e2mara Municipal s\u00e3o abertos e gratuitos ao p\u00fablico. Para assistir basta ir at\u00e9 a sede do Poder Legislativo, Rua Tiradentes, 1120, Centro; as <strong>09\u00a0horas</strong> das segundas-feiras, durante o per\u00edodo legislativo. Vale lembrar que para assistir as Sess\u00f5es, o cidad\u00e3o deve apresentar-se convenientemente trajado, n\u00e3o portar arma, se conservar em sil\u00eancio durante os trabalhos, n\u00e3o manifestar apoio ou desaprova\u00e7\u00e3o ao que se passa em Plen\u00e1rio e atender as determina\u00e7\u00f5es do Presidente. Ainda, \u00e9 poss\u00edvel acompanhar as Sess\u00f5es Legislativas online pelo canal da C\u00e2mara no <strong><a class=\"external-link\" href=\"https://www.youtube.com/c/PoderLegislativoRondonense/videos\" target=\"_blank\" title=\"\">YouTube</a></strong> e pela sua p\u00e1gina no <strong><a class=\"external-link\" href=\"https://www.facebook.com/camarademarechalcandidorondon\" target=\"_blank\" title=\"\">Facebook</a></strong>.</p>\r\n<h2 style=\"text-align: justify; \">O QUE S\u00c3O E QUAIS S\u00c3O AS COMISS\u00d5ES PERMANENTES DA C\u00c2MARA MUNICIPAL?</h2>\r\n<p style=\"text-align: justify; \">As Comiss\u00f5es Permanentes s\u00e3o compostas por tr\u00eas vereadores, que s\u00e3o escolhidos por eles mesmos a cada 02 (dois) anos e que t\u00eam a miss\u00e3o de analisar os projetos de leis antes da vota\u00e7\u00e3o em plen\u00e1rio. Existem 04 (quatro) Comiss\u00f5es Permanentes na C\u00e2mara Municipal de Marechal C\u00e2ndido Rondon, sendo elas:\u00a0Comiss\u00e3o de Justi\u00e7a e Reda\u00e7\u00e3o; Comiss\u00e3o de Finan\u00e7as, Or\u00e7amento e Fiscaliza\u00e7\u00e3o; Comiss\u00e3o de Obras e Servi\u00e7os P\u00fablicos; e, Comiss\u00e3o de Educa\u00e7\u00e3o, Cultura, Bem-Estar Social e Ecologia.</p>\r\n<h2 style=\"text-align: justify; \">O QUE \u00c9, E COMO \u00c9 COMPOSTA A MESA DIRETORA DA C\u00c2MARA MUNICIPAL?</h2>\r\n<p style=\"text-align: justify; \">A Mesa Diretora \u00e9 composta por 04 (quatro) parlamentares \u2013 Presidente, Vice-Presidente, Primeiro Secret\u00e1rio e Segundo Secret\u00e1rio. Assim como no caso das Comiss\u00f5es Permanentes, a elei\u00e7\u00e3o \u00e9 feita entre os vereadores e o mandato tem dura\u00e7\u00e3o de 02 (dois) anos. A fun\u00e7\u00e3o da Mesa Diretora \u00e9 administrar a C\u00e2mara, com proposi\u00e7\u00f5es legais de efic\u00e1cia interna; al\u00e9m de ter autoridade para propor leis de compet\u00eancia privativa.</p>\r\n<h2 style=\"text-align: justify; \">COMO SABER O QUE SER\u00c1 VOTADO OU DISCUTIDO NAS SESS\u00d5ES DA C\u00c2MARA MUNICIPAL?</h2>\r\n<p style=\"text-align: justify; \">As mat\u00e9rias que ser\u00e3o discutidas e votadas nas sess\u00f5es da C\u00e2mara Municipal, s\u00e3o aquelas que constam na pauta, divulgada at\u00e9 02 (duas) horas antes do in\u00edcio da Sess\u00e3o. Tamb\u00e9m \u00e9 poss\u00edvel acompanhar o andamento dos projetos de lei pelo portal da C\u00e2mara, no t\u00f3pico Processo Legislativo ou no t\u00f3pico <strong><a class=\"external-link\" href=\"https://sapl.marechalcandidorondon.pr.leg.br/\" target=\"_blank\" title=\"\">Portal do Legislativo</a></strong>.</p>\r\n<h2 style=\"text-align: justify; \">QUAIS S\u00c3O AS COMPET\u00caNCIAS INSTITUCIONAIS DA C\u00c2MARA MUNICIPAL?</h2>\r\n<p align=\"justify\"><span><span><span>A principal fun\u00e7\u00e3o do Poder Legislativo \u00e9 legislar. Isso significa que a atividade principal dos Vereadores \u00e9 sugerir indica\u00e7\u00f5es, realizar requerimentos, propor leis, debater e votar, as proposi\u00e7\u00f5es feitas pela C\u00e2mara, encaminhadas pelo Poder Executivo ou pela popula\u00e7\u00e3o. Outra fun\u00e7\u00e3o importante do Poder Legislativo \u00e9 fiscalizar as atividades do Poder Executivo, que significa acompanhar os trabalhos da prefeitura, averiguar como as verbas est\u00e3o sendo gastas, como est\u00e3o os andamentos das licita\u00e7\u00f5es, conv\u00eanios e contratos administrativos.</span></span></span></p>\r\n<h2 style=\"text-align: justify; \">COMO CONSULTAR OS PROCESSOS LICITAT\u00d3RIOS DA C\u00c2MARA MUNICIPAL?</h2>\r\n<p style=\"text-align: justify; \">Os processos de licita\u00e7\u00e3o, contratos e compras encontram-se no Portal da Transpar\u00eancia da C\u00e2mara Municipal, e podem ser acessados por meio de Suprimentos e dos seguintes links:\u00a0<strong><a class=\"external-link\" href=\"https://camaramcr.atende.net/transparencia/item/licitacoes-gerais\" target=\"_blank\" title=\"\">Licita\u00e7\u00f5es Gerais</a></strong>, <strong><a class=\"external-link\" href=\"https://camaramcr.atende.net/transparencia/item/dispensavel#conteudo\" target=\"_blank\" title=\"\">Ordens de Compra\u00a0Dispens\u00e1vel</a>, <a class=\"external-link\" href=\"https://camaramcr.atende.net/transparencia/item/por-licitacao#conteudo\" target=\"_blank\" title=\"\">Ordens de Compra por Licita\u00e7\u00e3o</a></strong>\u00a0e <strong><a class=\"external-link\" href=\"https://camaramcr.atende.net/transparencia/item/contratos-gerais\" target=\"_blank\" title=\"\">Contratos Gerais</a></strong>.</p>\r\n<h2 style=\"text-align: justify; \">QUAIS OS VALORES DE RECEITAS/TRANSFER\u00caNCIA RECEBIDAS PELA C\u00c2MARA MUNICIPAL?</h2>\r\n<p style=\"text-align: justify; \">O Poder Legislativo n\u00e3o possui receita pr\u00f3pria, sua manuten\u00e7\u00e3o \u00e9 feita por meio da transfer\u00eancia de valores do Poder Executivo que, na forma da lei, pode chegar at\u00e9 7% (sete por cento) da receita corrente do Munic\u00edpio. Esse valor n\u00e3o \u00e9 fixo e, anualmente, \u00e9 definido de acordo com a previs\u00e3o da despesa para manuten\u00e7\u00e3o do Poder Legislativo, sendo que a sobra dos recursos recebidos e n\u00e3o\u00a0 utilizados, dever\u00e1 ser devolvido ao Poder Executivo at\u00e9 o final do exerc\u00edcio.</p>\r\n<h2 style=\"text-align: justify; \">COMO CONSULTAR OS VALORES PAGOS A T\u00cdTULO DE DI\u00c1RIA PARA SERVIDORES E VEREADORES DA C\u00c2MARA MUNICIPAL?</h2>\r\n<p style=\"text-align: justify; \">Os valores recebidos a t\u00edtulo de di\u00e1ria encontram-se no Portal da Transpar\u00eancia, por meio de Despesas, no link:\u00a0<strong><a class=\"external-link\" href=\"https://camaramcr.atende.net/transparencia/item/despesas-com-diarias\" target=\"_blank\" title=\"\">Despesas com Di\u00e1rias</a></strong>, o recebimento de di\u00e1rias por agentes p\u00fablicos do Poder Legislativo, \u00e9 regido pela <strong><a class=\"external-link\" href=\"https://leismunicipais.com.br/a2/pr/m/marechal-candido-rondon/lei-ordinaria/2012/447/4467/lei-ordinaria-n-4467-2012-dispoe-sobre-a-concessao-de-diarias-aos-vereadores-e-servidores-da-camara-municipal-de-marechal-candido-rondon-e-da-outras-providencias?q=4467%2F2012\" target=\"_blank\" title=\"\">Lei Municipal 4.467/2012</a></strong> e suas altera\u00e7\u00f5es posteriores.</p>\r\n<h2 style=\"text-align: justify; \">O QUE \u00c9 IMUNIDADE PARLAMENTAR?</h2>\r\n<p align=\"justify\"><span><span><span>As imunidades parlamentares s\u00e3o direitos especiais para o cumprimento do mandato de forma livre e independente e s\u00e3o necess\u00e1rios para garantir que estes possam exercer, principalmente a fun\u00e7\u00e3o fiscalizadora da Chefia do Poder Executivo e todos os seus subordinados, sem sofrer persegui\u00e7\u00e3o em raz\u00e3o de suas a\u00e7\u00f5es pol\u00edticas. Essas prerrogativas s\u00e3o necess\u00e1rias em qualquer regime democr\u00e1tico, de modo que se proteja a liberdade e independ\u00eancia dos representantes do povo e que n\u00e3o sejam penalizados por fazer seu trabalho. Visam garantir a inviolabilidade civil e penal dos parlamentares por quaisquer opini\u00f5es, palavras e votos que venham a proferir em raz\u00e3o do seu mandato, ou seja, eles t\u00eam total liberdade para expressarem suas opini\u00f5es e votarem da forma como lhes convier, n\u00e3o podendo serem processados judicialmente civil e criminalmente por isso. Tem o objetivo de dar todas as garantias aos parlamentares para agirem com total liberdade no exerc\u00edcio de seus mandatos, e, como pode-se perceber, a garantia \u00e9 do cargo e n\u00e3o da pessoa que o exerce. Importante lembrar que a imunidade parlamentar n\u00e3o \u00e9 uma carta branca aos parlamentares para a pr\u00e1tica de crimes e desrespeito \u00e0s leis, mas sim uma prote\u00e7\u00e3o legal para n\u00e3o serem perseguidos por opositores em raz\u00e3o do exerc\u00edcio de suas fun\u00e7\u00f5es.</span></span></span></p>\r\n<h2>VEREADOR FAZ OBRAS OU MELHORIAS NO MUNIC\u00cdPIO?</h2>\r\n<p style=\"text-align: justify; \"><span>De modo algum! O vereador n\u00e3o faz obra e nem pode fazer, porque isso \u00e9 uma atribui\u00e7\u00e3o do Poder Executivo, ou seja, da Prefeitura. Mesmo que tenha havido alguma promessa de realiza\u00e7\u00e3o de obra p\u00fablica, o vereador jamais ser\u00e1 o respons\u00e1vel diretamente por ela, tendo em vista que ele n\u00e3o tem o poder constitucional para fazer obras. O que os vereadores t\u00eam \u00e9 acesso pol\u00edtico para intermediar junto \u00e0 prefeitura a realiza\u00e7\u00e3o de uma obra, ou seja, solicitar uma benfeitoria ao Executivo. Contudo, dizer ao cidad\u00e3o que ele, como vereador, vai fazer uma obra, isso n\u00e3o pode!</span></p>\r\n<h2>QUAL O TELEFONE, ENDERE\u00c7O E O CNPJ DA C\u00c2MARA MUNICIPAL?</h2>\r\n<p><br />Telefone: (45) 3254-3096</p>\r\n<p>Endere\u00e7o: Rua Tiradentes, n.\u00ba 1120, Centro, Marechal C\u00e2ndido Rondon</p>\r\n<p>CNPJ: 77.838.175/0001-05</p>\r\n</div>\r\n</div>\r\n</div>", "author_name": "", "version": "1.0", "author_url": "https://www.marechalcandidorondon.pr.leg.br/author/mcr", "provider_name": "C\u00e2mara de Vereadores", "type": "rich"}